{"id":698,"date":"2020-04-22T21:40:05","date_gmt":"2020-04-22T21:40:05","guid":{"rendered":"https:\/\/svi-schach.net\/?p=698"},"modified":"2020-04-23T06:45:15","modified_gmt":"2020-04-23T06:45:15","slug":"schachspieler-trauern-um-karl-weiss","status":"publish","type":"post","link":"https:\/\/svi-schach.net\/index.php\/2020\/04\/22\/schachspieler-trauern-um-karl-weiss\/","title":{"rendered":"Schachspieler trauern um Karl Wei\u00df"},"content":{"rendered":"\n<p>Die Schachabteilung des SV Ilmm\u00fcnster trauert um ihren Gr\u00fcndungsvater und Ehrenmitglied Karl WEi\u00df, welcher am 20. April 2020 verstarb.<\/p>\n\n\n\n<div class=\"wp-block-image\"><figure class=\"alignleft size-large\"><img loading=\"lazy\" width=\"122\" height=\"167\" src=\"https:\/\/svi-schach.net\/wp-content\/uploads\/2020\/04\/karlweis2-001.jpg\" alt=\"\" class=\"wp-image-699\"\/><\/figure><\/div>\n\n\n\n<p>Karl Wei\u00df gr\u00fcndete im Herbst 1982 die Schachabteilung des SV Ilmm\u00fcnster. Er \u00fcbernahm f\u00fcr lange Zeit den Posten des Abteilungsleiters und engangierte sich mit gro\u00dfer Hingabe dem Schachsport nicht nur in Ilmm\u00fcnster.<br>Im Juli 2003 wurde Karl Wei\u00df aufgrund seiner Verdienste zum ersten Ehrenmitglieds des Schachkreises Ingolstadt-Freising gew\u00e4hlt.<\/p>\n\n\n\n<p>In den letzten Jahren musste Karl sich durch mehrere gesundheitliche R\u00fcckschl\u00e4ge mehr und mehr aus dem aktiven Spielbetrieb zur\u00fcckziehen. Wenn es seine Gesundheit zulie\u00df, half er jedoch sehr gerne aus und unterst\u00fctzte die zweite und dritte Mannschaft in wichtigen Mannschaftsk\u00e4mpfen. Zu den offiziellen Anl\u00e4ssen, wie der j\u00e4hrlichen Abteilungsversammlung, kam er gerne ins Sportheim und unterst\u00fctzte die Abteilungsf\u00fchrung, Mannschaftsf\u00fchrer und Trainer mit seiner gro\u00dfen Erfahrung. <br>Am 16.12.2018 bestritt Karl seinen letzten Mannschaftskampf.<\/p>\n\n\n\n<p>Mit Karl verliert die Schachabteilung ihren Gr\u00fcndungsvater. Mit ihm wird sich die Schachabteilung immer identifizieren k\u00f6nnen.<br>Ohne Karl w\u00e4ren viele, jetzt aktive Spieler, niemals beim SV Ilmm\u00fcnster wahrscheinlich sogar nicht einmal im Schachsport gelandet.<\/p>\n\n\n\n<p>Wir bedanken uns bei Karl f\u00fcr seinen vorbildlichen Einsatz f\u00fcr den Vereinssport und den SV Ilmm\u00fcnster.<\/p>\n\n\n\n<p>Unsere Gedanken sind bei allen Angeh\u00f6rigen.<\/p>\n","protected":false},"excerpt":{"rendered":"<p>Die Schachabteilung des SV Ilmm\u00fcnster trauert um ihren Gr\u00fcndungsvater und Ehrenmitglied Karl WEi\u00df, welcher am 20. April 2020 verstarb. Karl Wei\u00df gr\u00fcndete im Herbst 1982 die Schachabteilung des SV Ilmm\u00fcnster. Er \u00fcbernahm f\u00fcr lange Zeit den Posten des Abteilungsleiters und engangierte sich mit gro\u00dfer Hingabe dem Schachsport nicht nur in Ilmm\u00fcnster.Im Juli 2003 wurde Karl<br \/><a class=\"moretag\" href=\"https:\/\/svi-schach.net\/index.php\/2020\/04\/22\/schachspieler-trauern-um-karl-weiss\/\">+ Lesen Sie mehr<\/a><\/p>\n","protected":false},"author":1,"featured_media":699,"comment_status":"closed","ping_status":"closed","sticky":false,"template":"","format":"standard","meta":[],"categories":[2,9],"tags":[],"_links":{"self":[{"href":"https:\/\/svi-schach.net\/index.php\/wp-json\/wp\/v2\/posts\/698"}],"collection":[{"href":"https:\/\/svi-schach.net\/index.php\/wp-json\/wp\/v2\/posts"}],"about":[{"href":"https:\/\/svi-schach.net\/index.php\/wp-json\/wp\/v2\/types\/post"}],"author":[{"embeddable":true,"href":"https:\/\/svi-schach.net\/index.php\/wp-json\/wp\/v2\/users\/1"}],"replies":[{"embeddable":true,"href":"https:\/\/svi-schach.net\/index.php\/wp-json\/wp\/v2\/comments?post=698"}],"version-history":[{"count":4,"href":"https:\/\/svi-schach.net\/index.php\/wp-json\/wp\/v2\/posts\/698\/revisions"}],"predecessor-version":[{"id":707,"href":"https:\/\/svi-schach.net\/index.php\/wp-json\/wp\/v2\/posts\/698\/revisions\/707"}],"wp:featuredmedia":[{"embeddable":true,"href":"https:\/\/svi-schach.net\/index.php\/wp-json\/wp\/v2\/media\/699"}],"wp:attachment":[{"href":"https:\/\/svi-schach.net\/index.php\/wp-json\/wp\/v2\/media?parent=698"}],"wp:term":[{"taxonomy":"category","embeddable":true,"href":"https:\/\/svi-schach.net\/index.php\/wp-json\/wp\/v2\/categories?post=698"},{"taxonomy":"post_tag","embeddable":true,"href":"https:\/\/svi-schach.net\/index.php\/wp-json\/wp\/v2\/tags?post=698"}],"curies":[{"name":"wp","href":"https:\/\/api.w.org\/{rel}","templated":true}]}}