{"id":1489,"date":"2025-04-06T21:24:45","date_gmt":"2025-04-06T21:24:45","guid":{"rendered":"https:\/\/svi-schach.net\/?p=1489"},"modified":"2025-04-13T09:29:09","modified_gmt":"2025-04-13T09:29:09","slug":"erste-steigt-nach-dramatischem-saisonfinale-ab","status":"publish","type":"post","link":"https:\/\/svi-schach.net\/index.php\/2025\/04\/06\/erste-steigt-nach-dramatischem-saisonfinale-ab\/","title":{"rendered":"Erste steigt nach dramatischem Saisonfinale ab"},"content":{"rendered":"\n<figure class=\"wp-block-image size-large\"><img loading=\"lazy\" width=\"1024\" height=\"800\" src=\"https:\/\/svi-schach.net\/wp-content\/uploads\/2025\/04\/Edi-Fuchs-zu-1024x800.jpg\" alt=\"\" class=\"wp-image-1492\" srcset=\"https:\/\/svi-schach.net\/wp-content\/uploads\/2025\/04\/Edi-Fuchs-zu-1024x800.jpg 1024w, https:\/\/svi-schach.net\/wp-content\/uploads\/2025\/04\/Edi-Fuchs-zu-300x234.jpg 300w, https:\/\/svi-schach.net\/wp-content\/uploads\/2025\/04\/Edi-Fuchs-zu-768x600.jpg 768w, https:\/\/svi-schach.net\/wp-content\/uploads\/2025\/04\/Edi-Fuchs-zu.jpg 1204w\" sizes=\"(max-width: 1024px) 100vw, 1024px\" \/><figcaption><em>Die letzte Partie der Saison: Edi Hubers Kh3, Th5, Bh4 sollten gegen Kf7 Tg7 und Bf6 Remis halten<\/em><\/figcaption><\/figure>\n\n\n\n<p>Ein halber Brettpunkt, sprich ein Remis, fehlte am Ende zum Klassenerhalt beim 4-4 in Weilheim.<\/p>\n\n\n\n<p>Nach fr\u00fcher F\u00fchrung durch Andreas Kampert, der nach zwei Stunden Klaus DeFrancesco \u00fcberspielt hatte, sah es sehr gut f\u00fcr den SV Ilmm\u00fcnster  aus, zumal Philip Schwertler ebenfalls schon  fr\u00fch gegen Jonathan Kobold klar besser stand. <\/p>\n\n\n\n<figure class=\"wp-block-image size-large\"><img loading=\"lazy\" width=\"1024\" height=\"788\" src=\"https:\/\/svi-schach.net\/wp-content\/uploads\/2025\/04\/Andreas-4-1024x788.jpg\" alt=\"\" class=\"wp-image-1503\" srcset=\"https:\/\/svi-schach.net\/wp-content\/uploads\/2025\/04\/Andreas-4-1024x788.jpg 1024w, https:\/\/svi-schach.net\/wp-content\/uploads\/2025\/04\/Andreas-4-300x231.jpg 300w, https:\/\/svi-schach.net\/wp-content\/uploads\/2025\/04\/Andreas-4-768x591.jpg 768w, https:\/\/svi-schach.net\/wp-content\/uploads\/2025\/04\/Andreas-4.jpg 1449w\" sizes=\"(max-width: 1024px) 100vw, 1024px\" \/><figcaption><em>Andreas Kampert<\/em><\/figcaption><\/figure>\n\n\n\n<p>In der Zeitnotphase hatten wir dann Gl\u00fcck, als Armin H\u00f6ller gegen Marco Limmer gerade noch ins Remis entschl\u00fcpfte, und noch mehr Pech, als Leo Knoblauch zu recht ein Remisangebot von Franz Guttenthaler ablehnte und anschlie\u00dfend seinen Mehrbauern in immer noch gewonnener Stellung und dann eine Figur einstellte.<\/p>\n\n\n\n<figure class=\"wp-block-image size-large\"><img loading=\"lazy\" width=\"1024\" height=\"730\" src=\"https:\/\/svi-schach.net\/wp-content\/uploads\/2025\/04\/Leo-1-1024x730.jpg\" alt=\"\" class=\"wp-image-1504\" srcset=\"https:\/\/svi-schach.net\/wp-content\/uploads\/2025\/04\/Leo-1-1024x730.jpg 1024w, https:\/\/svi-schach.net\/wp-content\/uploads\/2025\/04\/Leo-1-300x214.jpg 300w, https:\/\/svi-schach.net\/wp-content\/uploads\/2025\/04\/Leo-1-768x547.jpg 768w, https:\/\/svi-schach.net\/wp-content\/uploads\/2025\/04\/Leo-1.jpg 1530w\" sizes=\"(max-width: 1024px) 100vw, 1024px\" \/><figcaption><em>Leo Knoblauch<\/em><\/figcaption><\/figure>\n\n\n\n<figure class=\"wp-block-image size-large\"><img loading=\"lazy\" width=\"1024\" height=\"754\" src=\"https:\/\/svi-schach.net\/wp-content\/uploads\/2025\/04\/Armin-und-Marco-Limmer-5-1024x754.jpg\" alt=\"\" class=\"wp-image-1505\" srcset=\"https:\/\/svi-schach.net\/wp-content\/uploads\/2025\/04\/Armin-und-Marco-Limmer-5-1024x754.jpg 1024w, https:\/\/svi-schach.net\/wp-content\/uploads\/2025\/04\/Armin-und-Marco-Limmer-5-300x221.jpg 300w, https:\/\/svi-schach.net\/wp-content\/uploads\/2025\/04\/Armin-und-Marco-Limmer-5-768x566.jpg 768w, https:\/\/svi-schach.net\/wp-content\/uploads\/2025\/04\/Armin-und-Marco-Limmer-5-1536x1132.jpg 1536w, https:\/\/svi-schach.net\/wp-content\/uploads\/2025\/04\/Armin-und-Marco-Limmer-5.jpg 1580w\" sizes=\"(max-width: 1024px) 100vw, 1024px\" \/><figcaption><em>Armin H\u00f6ller und sein Gegner Marco Limmer<\/em><\/figcaption><\/figure>\n\n\n\n<p>Leider verlor auch Topscorer Thomas Niedermeier gegen Ludwig Deglmann in einer trockenen Positionspartie den Faden und Weilheim lag mit 2,5-1,5 vorne. <\/p>\n\n\n\n<figure class=\"wp-block-image size-large\"><img loading=\"lazy\" width=\"1024\" height=\"739\" src=\"https:\/\/svi-schach.net\/wp-content\/uploads\/2025\/04\/Tom-2-1024x739.jpg\" alt=\"\" class=\"wp-image-1506\" srcset=\"https:\/\/svi-schach.net\/wp-content\/uploads\/2025\/04\/Tom-2-1024x739.jpg 1024w, https:\/\/svi-schach.net\/wp-content\/uploads\/2025\/04\/Tom-2-300x217.jpg 300w, https:\/\/svi-schach.net\/wp-content\/uploads\/2025\/04\/Tom-2-768x554.jpg 768w, https:\/\/svi-schach.net\/wp-content\/uploads\/2025\/04\/Tom-2.jpg 1413w\" sizes=\"(max-width: 1024px) 100vw, 1024px\" \/><figcaption><em>Tom Niedermeier gegen Ludwig Deglmann<\/em><\/figcaption><\/figure>\n\n\n\n<p>Die verbleibenden vier Ilmm\u00fcnsterer Bretter standen nach der Zeitkontrolle aber alle besser: Philip Schwertler deutlich, die anderen drei nur ein wenig. Bei Harald Koppen reichte es gegen Maximilian Glasschr\u00f6ter am Ende nur zum Remis. <\/p>\n\n\n\n<figure class=\"wp-block-image size-large\"><img loading=\"lazy\" width=\"1024\" height=\"740\" src=\"https:\/\/svi-schach.net\/wp-content\/uploads\/2025\/04\/Harald-8-1024x740.jpg\" alt=\"\" class=\"wp-image-1507\" srcset=\"https:\/\/svi-schach.net\/wp-content\/uploads\/2025\/04\/Harald-8-1024x740.jpg 1024w, https:\/\/svi-schach.net\/wp-content\/uploads\/2025\/04\/Harald-8-300x217.jpg 300w, https:\/\/svi-schach.net\/wp-content\/uploads\/2025\/04\/Harald-8-768x555.jpg 768w, https:\/\/svi-schach.net\/wp-content\/uploads\/2025\/04\/Harald-8.jpg 1336w\" sizes=\"(max-width: 1024px) 100vw, 1024px\" \/><figcaption><em>Harald Koppen<\/em> <em>gegen Max Glasschr\u00f6ter<\/em><\/figcaption><\/figure>\n\n\n\n<p>Nachdem Philip Schwertler  souver\u00e4n seine beiden Mehrbauern verwandelt hatte, spielten beim 3-3 nur noch Edi Huber gegen Georg Fuchs und Georg Seisenberger gegen Bernhard Muhl. <\/p>\n\n\n\n<figure class=\"wp-block-image size-large\"><img loading=\"lazy\" width=\"1024\" height=\"736\" src=\"https:\/\/svi-schach.net\/wp-content\/uploads\/2025\/04\/Philip-7-1024x736.jpg\" alt=\"\" class=\"wp-image-1508\" srcset=\"https:\/\/svi-schach.net\/wp-content\/uploads\/2025\/04\/Philip-7-1024x736.jpg 1024w, https:\/\/svi-schach.net\/wp-content\/uploads\/2025\/04\/Philip-7-300x216.jpg 300w, https:\/\/svi-schach.net\/wp-content\/uploads\/2025\/04\/Philip-7-768x552.jpg 768w, https:\/\/svi-schach.net\/wp-content\/uploads\/2025\/04\/Philip-7.jpg 1486w\" sizes=\"(max-width: 1024px) 100vw, 1024px\" \/><figcaption><em>Philip Schwertler<\/em><\/figcaption><\/figure>\n\n\n\n<p>Georg Seisenberger gewann sein Endspiel mit einem vorger\u00fcckten b-Freibauern. <\/p>\n\n\n\n<figure class=\"wp-block-image size-large\"><img loading=\"lazy\" width=\"1024\" height=\"703\" src=\"https:\/\/svi-schach.net\/wp-content\/uploads\/2025\/04\/Georg-6-1024x703.jpg\" alt=\"\" class=\"wp-image-1509\" srcset=\"https:\/\/svi-schach.net\/wp-content\/uploads\/2025\/04\/Georg-6-1024x703.jpg 1024w, https:\/\/svi-schach.net\/wp-content\/uploads\/2025\/04\/Georg-6-300x206.jpg 300w, https:\/\/svi-schach.net\/wp-content\/uploads\/2025\/04\/Georg-6-768x527.jpg 768w, https:\/\/svi-schach.net\/wp-content\/uploads\/2025\/04\/Georg-6.jpg 1523w\" sizes=\"(max-width: 1024px) 100vw, 1024px\" \/><figcaption><em>Georg Seisenberger gegen Bernhard Muhl<\/em><\/figcaption><\/figure>\n\n\n\n<p>Edi Huber war etwas unter Druck geraten, rettete sich aber mit feiner Taktik in ein Turmendspiel mit je einem Bauern (siehe Bild oben) und als alles nach einem 4,5-3,5 f\u00fcr Ilmm\u00fcnster aussah, entschied ein Zeitnotblunder die Partie zum \u00e4u\u00dferst ungl\u00fccklichen 4-4. <\/p>\n\n\n\n<figure class=\"wp-block-image size-large\"><img loading=\"lazy\" width=\"1024\" height=\"755\" src=\"https:\/\/svi-schach.net\/wp-content\/uploads\/2025\/04\/Edi-3--1024x755.jpg\" alt=\"\" class=\"wp-image-1510\" srcset=\"https:\/\/svi-schach.net\/wp-content\/uploads\/2025\/04\/Edi-3--1024x755.jpg 1024w, https:\/\/svi-schach.net\/wp-content\/uploads\/2025\/04\/Edi-3--300x221.jpg 300w, https:\/\/svi-schach.net\/wp-content\/uploads\/2025\/04\/Edi-3--768x566.jpg 768w, https:\/\/svi-schach.net\/wp-content\/uploads\/2025\/04\/Edi-3-.jpg 1372w\" sizes=\"(max-width: 1024px) 100vw, 1024px\" \/><figcaption><em>Edi Huber<\/em><\/figcaption><\/figure>\n\n\n\n<p>Es war die letzte Partie der ganzen Saison und in Garching d\u00fcrfte man gebannt auf dieses Ergebnis im Liveticker gewartet haben.<\/p>\n\n\n\n<p>Ein 4,5-3,5 h\u00e4tte zum Ilmm\u00fcnsterer Klassenerhalt gereicht und Garching den Abstieg beschert. <\/p>\n\n\n\n<figure class=\"wp-block-image size-large\"><img loading=\"lazy\" width=\"1024\" height=\"779\" src=\"https:\/\/svi-schach.net\/wp-content\/uploads\/2025\/04\/Gruppe-2-1024x779.jpg\" alt=\"\" class=\"wp-image-1511\" srcset=\"https:\/\/svi-schach.net\/wp-content\/uploads\/2025\/04\/Gruppe-2-1024x779.jpg 1024w, https:\/\/svi-schach.net\/wp-content\/uploads\/2025\/04\/Gruppe-2-300x228.jpg 300w, https:\/\/svi-schach.net\/wp-content\/uploads\/2025\/04\/Gruppe-2-768x584.jpg 768w, https:\/\/svi-schach.net\/wp-content\/uploads\/2025\/04\/Gruppe-2.jpg 1193w\" sizes=\"(max-width: 1024px) 100vw, 1024px\" \/><figcaption><em>Die Landesligamannschaft mit (diesmal als Kiebitz) Stefan Crone (Zweiter von links)<\/em><\/figcaption><\/figure>\n\n\n\n<p>Der Bericht zum Spiel der Ersten ist hier: <a href=\"https:\/\/svi-schach.net\/wp-content\/uploads\/2025\/04\/2025.04.06-Erste-in-Weilheim.pdf\">Bericht<\/a><\/p>\n\n\n\n<p>Das Video zum Spielt der Ersten ist hier:<\/p>\n\n\n\n<figure class=\"wp-block-embed is-type-video is-provider-youtube wp-block-embed-youtube wp-embed-aspect-16-9 wp-has-aspect-ratio\"><div class=\"wp-block-embed__wrapper\">\n<iframe loading=\"lazy\" title=\"SK Weilheim - SV Ilmm\u00fcnster\" width=\"500\" height=\"281\" src=\"https:\/\/www.youtube.com\/embed\/fYRghKLj2kw?feature=oembed\" frameborder=\"0\" allow=\"accelerometer; autoplay; clipboard-write; encrypted-media; gyroscope; picture-in-picture; web-share\" referrerpolicy=\"strict-origin-when-cross-origin\" allowfullscreen><\/iframe>\n<\/div><\/figure>\n\n\n\n<p>Das Video zum dramatischen Endspiel Huber &#8211; Fuchs ist hier:<\/p>\n\n\n\n<figure class=\"wp-block-embed is-type-video is-provider-youtube wp-block-embed-youtube wp-embed-aspect-16-9 wp-has-aspect-ratio\"><div class=\"wp-block-embed__wrapper\">\n<iframe loading=\"lazy\" title=\"Aufgabe 220\" width=\"500\" height=\"281\" src=\"https:\/\/www.youtube.com\/embed\/_m01YVMvkBE?feature=oembed\" frameborder=\"0\" allow=\"accelerometer; autoplay; clipboard-write; encrypted-media; gyroscope; picture-in-picture; web-share\" referrerpolicy=\"strict-origin-when-cross-origin\" allowfullscreen><\/iframe>\n<\/div><\/figure>\n\n\n\n<p>Das Video zur Partie Knoblauch &#8211; Guttenthaler ist hier:<\/p>\n\n\n\n<figure class=\"wp-block-embed is-type-video is-provider-youtube wp-block-embed-youtube wp-embed-aspect-16-9 wp-has-aspect-ratio\"><div class=\"wp-block-embed__wrapper\">\n<iframe loading=\"lazy\" title=\"Aufgabe 222\" width=\"500\" height=\"281\" src=\"https:\/\/www.youtube.com\/embed\/PLXlxHyfzr0?feature=oembed\" frameborder=\"0\" allow=\"accelerometer; autoplay; clipboard-write; encrypted-media; gyroscope; picture-in-picture; web-share\" referrerpolicy=\"strict-origin-when-cross-origin\" allowfullscreen><\/iframe>\n<\/div><\/figure>\n","protected":false},"excerpt":{"rendered":"<p>Ein halber Brettpunkt, sprich ein Remis, fehlte am Ende zum Klassenerhalt beim 4-4 in Weilheim. Nach fr\u00fcher F\u00fchrung durch Andreas Kampert, der nach zwei Stunden Klaus DeFrancesco \u00fcberspielt hatte, sah es sehr gut f\u00fcr den SV Ilmm\u00fcnster aus, zumal Philip Schwertler ebenfalls schon fr\u00fch gegen Jonathan Kobold klar besser stand. In der Zeitnotphase hatten wir<br \/><a class=\"moretag\" href=\"https:\/\/svi-schach.net\/index.php\/2025\/04\/06\/erste-steigt-nach-dramatischem-saisonfinale-ab\/\">+ Lesen Sie mehr<\/a><\/p>\n","protected":false},"author":5,"featured_media":0,"comment_status":"closed","ping_status":"closed","sticky":false,"template":"","format":"standard","meta":[],"categories":[2,4,7,10],"tags":[],"_links":{"self":[{"href":"https:\/\/svi-schach.net\/index.php\/wp-json\/wp\/v2\/posts\/1489"}],"collection":[{"href":"https:\/\/svi-schach.net\/index.php\/wp-json\/wp\/v2\/posts"}],"about":[{"href":"https:\/\/svi-schach.net\/index.php\/wp-json\/wp\/v2\/types\/post"}],"author":[{"embeddable":true,"href":"https:\/\/svi-schach.net\/index.php\/wp-json\/wp\/v2\/users\/5"}],"replies":[{"embeddable":true,"href":"https:\/\/svi-schach.net\/index.php\/wp-json\/wp\/v2\/comments?post=1489"}],"version-history":[{"count":12,"href":"https:\/\/svi-schach.net\/index.php\/wp-json\/wp\/v2\/posts\/1489\/revisions"}],"predecessor-version":[{"id":1526,"href":"https:\/\/svi-schach.net\/index.php\/wp-json\/wp\/v2\/posts\/1489\/revisions\/1526"}],"wp:attachment":[{"href":"https:\/\/svi-schach.net\/index.php\/wp-json\/wp\/v2\/media?parent=1489"}],"wp:term":[{"taxonomy":"category","embeddable":true,"href":"https:\/\/svi-schach.net\/index.php\/wp-json\/wp\/v2\/categories?post=1489"},{"taxonomy":"post_tag","embeddable":true,"href":"https:\/\/svi-schach.net\/index.php\/wp-json\/wp\/v2\/tags?post=1489"}],"curies":[{"name":"wp","href":"https:\/\/api.w.org\/{rel}","templated":true}]}}